{"id":7224,"date":"2026-07-31T15:59:17","date_gmt":"2026-07-31T18:59:17","guid":{"rendered":"https:\/\/terrana.com.br\/?p=7224"},"modified":"2026-08-14T16:37:21","modified_gmt":"2026-08-14T19:37:21","slug":"projeto-crespas-e-cacheadas","status":"publish","type":"post","link":"https:\/\/terrana.com.br\/?p=7224","title":{"rendered":"Projeto Crespas e Cacheadas"},"content":{"rendered":"\n<p class=\"wp-block-paragraph\">O projeto Crespas e Cacheadas nasceu h\u00e1 mais de 10 anos com a ideia da professora Regina Cotrin, que me convidou para fazer parte na parte da fotografia. O projeto consiste em fazer ensaios fotogr\u00e1ficos nas escolas de ensino m\u00e9dio da ciade de Ceil\u00e2ndia e Taguatinga, ambas no entorno de Bras\u00edlia, com a inten\u00e7\u00e3o de aumentar a autoestima dos alunos, na maioria afrodescendentes, com a quest\u00e3o de assumir seus cabelos e chachos naturais.<\/p>\n\n\n\n<p class=\"wp-block-paragraph\">De l\u00e1 para c\u00e1 j\u00e1 fizemos v\u00e1rias sess\u00f5es, hoje com a ades\u00e3o de v\u00e1rios outros fot\u00f3grafos participando no dia das fotos. Eu j\u00e1 levei v\u00e1rios alunos meus durante o curso superior de fotografia na UPIS. <\/p>\n\n\n\n<p class=\"wp-block-paragraph\">Para n\u00f3s \u00e9 um exerc\u00edcio do ato de fotografar muito dasafiador e gratificante pois estamos sujeitos \u00e0 criar fotos \u00e0s vezes em espa\u00e7os limitados, mas com um grande n\u00famero de volunt\u00e1rios e n\u00e3o deixar as fotos ficarem parecidas, varia\u00e7\u00e3o de poses com modelos diferentes. Houve ocasi\u00f5es que fomos para ambientes externos como a pra\u00e7a dos Cristais. Descobri muitos rostos lindos e pessoas talentosas. Grato sempre por poder participar desse projeto.<\/p>\n\n\nngg_shortcode_0_placeholder\n\n\n\n<figure class=\"wp-block-embed is-type-video is-provider-youtube wp-block-embed-youtube wp-embed-aspect-16-9 wp-has-aspect-ratio\"><div class=\"wp-block-embed__wrapper\">\n<iframe loading=\"lazy\" title=\"Crespas e Cacheadas 2017\" width=\"950\" height=\"534\" src=\"https:\/\/www.youtube.com\/embed\/Lo2KBAVpJVs?feature=oembed\" frameborder=\"0\" allow=\"accelerometer; autoplay; clipboard-write; encrypted-media; gyroscope; picture-in-picture; web-share\" referrerpolicy=\"strict-origin-when-cross-origin\" allowfullscreen><\/iframe>\n<\/div><figcaption class=\"wp-element-caption\">V\u00eddeo realizado durante a din\u00e2mica Crespas e Cacheadas 2017 realizada no Parque da Cidade, em Bras\u00edlia. Essa din\u00e2mica sob a orienta\u00e7\u00e3o da Professora Regina Cotrim consiste em valorizar e sedimentar a auto estima das participantes com o uso consciente de cabelos cacheados e tran\u00e7as, atrav\u00e9s de um ensaio fotogr\u00e1fico.<\/figcaption><\/figure>\n\n\n\n<hr class=\"wp-block-separator has-alpha-channel-opacity\"\/>\n\n\n\n<figure class=\"wp-block-embed is-type-video is-provider-youtube wp-block-embed-youtube wp-embed-aspect-16-9 wp-has-aspect-ratio\"><div class=\"wp-block-embed__wrapper\">\n<iframe loading=\"lazy\" title=\"Projeto Crespas e Cacheadas. Encontrei uma make-up talentosa.\" width=\"950\" height=\"534\" src=\"https:\/\/www.youtube.com\/embed\/TZs1B0Kv0UM?feature=oembed\" frameborder=\"0\" allow=\"accelerometer; autoplay; clipboard-write; encrypted-media; gyroscope; picture-in-picture; web-share\" referrerpolicy=\"strict-origin-when-cross-origin\" allowfullscreen><\/iframe>\n<\/div><figcaption class=\"wp-element-caption\">O Projeto <strong>Crespas e Cacheadas<\/strong>, em Ceil\u00e2ndia (DF) do <strong>CEM 2 de Ceil\u00e2ndia<\/strong> 2024. O v\u00eddeo mostra os bastidores, incluindo o trabalho de maquiagem realizado para o ensaio coletivo que reuniu fot\u00f3grafos e modelos todos volunt\u00e1rios.<\/figcaption><\/figure>\n\n\n\n<hr class=\"wp-block-separator has-alpha-channel-opacity\"\/>\n\n\n\n<figure class=\"wp-block-embed is-type-video is-provider-youtube wp-block-embed-youtube wp-embed-aspect-16-9 wp-has-aspect-ratio\"><div class=\"wp-block-embed__wrapper\">\n<iframe loading=\"lazy\" title=\"CRESPAS E CACHEADAS 2024 - QUE BELEZA \u00c9 ESSA?\" width=\"950\" height=\"534\" src=\"https:\/\/www.youtube.com\/embed\/_wXBAhB1XXg?feature=oembed\" frameborder=\"0\" allow=\"accelerometer; autoplay; clipboard-write; encrypted-media; gyroscope; picture-in-picture; web-share\" referrerpolicy=\"strict-origin-when-cross-origin\" allowfullscreen><\/iframe>\n<\/div><figcaption class=\"wp-element-caption\">Todos os anos, o Projeto <strong>Crespas e Cacheadas<\/strong>, criado pela professora e fot\u00f3grafa Regina Cotrin, promove ensaios fotogr\u00e1ficos com alunas de escolas do Distrito Federal. A iniciativa incentiva as meninas a assumirem seus cabelos naturais e valoriza os cabelos crespos e cacheados.<br>Os ensaios contam com fot\u00f3grafos volunt\u00e1rios, que posteriormente cedem as fotografias produzidas aos alunos das escolas. O projeto come\u00e7ou no <strong>CEM 02 de Ceil\u00e2ndia<\/strong> e hoje tamb\u00e9m acontece em outras unidades de ensino, como escolas de Taguatinga e o Centro Interescolar de L\u00ednguas do Recanto das Emas.<\/figcaption><\/figure>\n\n\n\n<hr class=\"wp-block-separator has-alpha-channel-opacity\"\/>\n\n\n\n<figure class=\"wp-block-embed is-type-video is-provider-youtube wp-block-embed-youtube wp-embed-aspect-16-9 wp-has-aspect-ratio\"><div class=\"wp-block-embed__wrapper\">\n<iframe loading=\"lazy\" title=\"CRESPAS E CACHEADAS ENSAIO FOTOGR\u00c1FICO\" width=\"950\" height=\"534\" src=\"https:\/\/www.youtube.com\/embed\/VhjpAeObVy4?feature=oembed\" frameborder=\"0\" allow=\"accelerometer; autoplay; clipboard-write; encrypted-media; gyroscope; picture-in-picture; web-share\" referrerpolicy=\"strict-origin-when-cross-origin\" allowfullscreen><\/iframe>\n<\/div><figcaption class=\"wp-element-caption\">O ensaio fotogr\u00e1fico <strong>Crespas e Cacheadas<\/strong> simboliza a ideia de utilizar a fotografia como ferramenta de afirma\u00e7\u00e3o da autoestima das modelos do <strong>CEM 2 \u2013 Centro de Ensino M\u00e9dio 2 de Ceil\u00e2ndia (DF)<\/strong> e de forma\u00e7\u00e3o dos fot\u00f3grafos iniciantes da turma de Fotografia das <strong>Faculdades Integradas UPIS<\/strong>. O projeto contou com a orienta\u00e7\u00e3o dos professores <strong>Regina Cotrim e Gildenor Ara\u00fajo (CEM 2)<\/strong> e <strong>Carlos Terrana (UPIS)<\/strong>.<\/figcaption><\/figure>\n\n\n\n<hr class=\"wp-block-separator has-alpha-channel-opacity\"\/>\n\n\n\n<figure class=\"wp-block-embed is-type-video is-provider-youtube wp-block-embed-youtube wp-embed-aspect-9-16 wp-has-aspect-ratio\"><div class=\"wp-block-embed__wrapper\">\n<iframe loading=\"lazy\" title=\"#crespasecacheados 2025 @cem3\" width=\"563\" height=\"1000\" src=\"https:\/\/www.youtube.com\/embed\/Ds5_aspusUg?feature=oembed\" frameborder=\"0\" allow=\"accelerometer; autoplay; clipboard-write; encrypted-media; gyroscope; picture-in-picture; web-share\" referrerpolicy=\"strict-origin-when-cross-origin\" allowfullscreen><\/iframe>\n<\/div><figcaption class=\"wp-element-caption\">Crespas e Cacheados 2025 Cem 3.<\/figcaption><\/figure>\n\n\n\n<hr class=\"wp-block-separator has-alpha-channel-opacity\"\/>\n\n\n\n<figure class=\"wp-block-embed is-type-video is-provider-youtube wp-block-embed-youtube wp-embed-aspect-9-16 wp-has-aspect-ratio\"><div class=\"wp-block-embed__wrapper\">\n<iframe loading=\"lazy\" title=\"Retratos no Cem 3 Taguatinga. 2024. Projeto Crespas e Cacheadas.\" width=\"563\" height=\"1000\" src=\"https:\/\/www.youtube.com\/embed\/Je7wLVNnp58?feature=oembed\" frameborder=\"0\" allow=\"accelerometer; autoplay; clipboard-write; encrypted-media; gyroscope; picture-in-picture; web-share\" referrerpolicy=\"strict-origin-when-cross-origin\" allowfullscreen><\/iframe>\n<\/div><figcaption class=\"wp-element-caption\">Retratos no Cem 3 Taguatinga. 2024. Projeto Crespas e Cacheadas.<\/figcaption><\/figure>\n","protected":false},"excerpt":{"rendered":"<p>O projeto Crespas e Cacheadas nasceu h\u00e1 mais de 10 anos com a ideia da professora Regina Cotrin, que me convidou para fazer parte na parte da fotografia. O projeto consiste em fazer ensaios fotogr\u00e1ficos nas escolas de ensino m\u00e9dio da ciade de Ceil\u00e2ndia e Taguatinga, ambas no entorno de Bras\u00edlia, com a inten\u00e7\u00e3o de &hellip; <\/p>\n<p class=\"link-more\"><a href=\"https:\/\/terrana.com.br\/?p=7224\" class=\"more-link\">Leia mais<span class=\"screen-reader-text\"> &#8220;Projeto Crespas e Cacheadas&#8221;<\/span><\/a><\/p>\n","protected":false},"author":1,"featured_media":0,"comment_status":"closed","ping_status":"closed","sticky":false,"template":"","format":"standard","meta":{"ngg_post_thumbnail":0,"_joinchat":[],"footnotes":""},"categories":[45],"tags":[],"class_list":["post-7224","post","type-post","status-publish","format-standard","hentry","category-retratos"],"featured_media_urls":[],"_links":{"self":[{"href":"https:\/\/terrana.com.br\/index.php?rest_route=\/wp\/v2\/posts\/7224","targetHints":{"allow":["GET"]}}],"collection":[{"href":"https:\/\/terrana.com.br\/index.php?rest_route=\/wp\/v2\/posts"}],"about":[{"href":"https:\/\/terrana.com.br\/index.php?rest_route=\/wp\/v2\/types\/post"}],"author":[{"embeddable":true,"href":"https:\/\/terrana.com.br\/index.php?rest_route=\/wp\/v2\/users\/1"}],"replies":[{"embeddable":true,"href":"https:\/\/terrana.com.br\/index.php?rest_route=%2Fwp%2Fv2%2Fcomments&post=7224"}],"version-history":[{"count":13,"href":"https:\/\/terrana.com.br\/index.php?rest_route=\/wp\/v2\/posts\/7224\/revisions"}],"predecessor-version":[{"id":7725,"href":"https:\/\/terrana.com.br\/index.php?rest_route=\/wp\/v2\/posts\/7224\/revisions\/7725"}],"wp:attachment":[{"href":"https:\/\/terrana.com.br\/index.php?rest_route=%2Fwp%2Fv2%2Fmedia&parent=7224"}],"wp:term":[{"taxonomy":"category","embeddable":true,"href":"https:\/\/terrana.com.br\/index.php?rest_route=%2Fwp%2Fv2%2Fcategories&post=7224"},{"taxonomy":"post_tag","embeddable":true,"href":"https:\/\/terrana.com.br\/index.php?rest_route=%2Fwp%2Fv2%2Ftags&post=7224"}],"curies":[{"name":"wp","href":"https:\/\/api.w.org\/{rel}","templated":true}]}}