{"id":681,"date":"2019-07-22T10:31:26","date_gmt":"2019-07-22T10:31:26","guid":{"rendered":"https:\/\/demo.wpzoom.com\/photonote\/?p=681"},"modified":"2026-08-18T23:42:31","modified_gmt":"2026-08-19T02:42:31","slug":"city-bike","status":"publish","type":"post","link":"https:\/\/terrana.com.br\/?p=681","title":{"rendered":"UPIS &#8211; Curso Superior de Fotografia"},"content":{"rendered":"\n<p class=\"wp-block-paragraph\">Galerinha numa aula de fotografia publicit\u00e1ria.<\/p>\n\n\n\n<figure class=\"wp-block-embed is-type-video is-provider-youtube wp-block-embed-youtube wp-embed-aspect-16-9 wp-has-aspect-ratio\"><div class=\"wp-block-embed__wrapper\">\n<iframe loading=\"lazy\" title=\"fotografia publicitaria upis carlos terrana\" width=\"950\" height=\"534\" src=\"https:\/\/www.youtube.com\/embed\/4_o8dXydjxA?feature=oembed\" frameborder=\"0\" allow=\"accelerometer; autoplay; clipboard-write; encrypted-media; gyroscope; picture-in-picture; web-share\" referrerpolicy=\"strict-origin-when-cross-origin\" allowfullscreen><\/iframe>\n<\/div><\/figure>\n\n\n\n<figure class=\"wp-block-image size-large is-resized\"><img loading=\"lazy\" decoding=\"async\" width=\"768\" height=\"1024\" src=\"https:\/\/terrana.com.br\/wp-content\/uploads\/2019\/07\/IMG-20170401-WA0023-768x1024.jpg\" alt=\"\" class=\"wp-image-7180\" style=\"width:295px;height:auto\" srcset=\"https:\/\/terrana.com.br\/wp-content\/uploads\/2019\/07\/IMG-20170401-WA0023-768x1024.jpg 768w, https:\/\/terrana.com.br\/wp-content\/uploads\/2019\/07\/IMG-20170401-WA0023-225x300.jpg 225w, https:\/\/terrana.com.br\/wp-content\/uploads\/2019\/07\/IMG-20170401-WA0023.jpg 960w\" sizes=\"auto, (max-width: 768px) 100vw, 768px\" \/><\/figure>\n\n\n\n<hr class=\"wp-block-separator has-alpha-channel-opacity\"\/>\n\n\n\n<div class=\"wp-block-group is-layout-grid wp-container-core-group-is-layout-2d5b96e5 wp-block-group-is-layout-grid\">\n<figure class=\"wp-block-embed is-type-video is-provider-youtube wp-block-embed-youtube wp-embed-aspect-16-9 wp-has-aspect-ratio wp-container-content-69bc4bdf\"><div class=\"wp-block-embed__wrapper\">\n<iframe loading=\"lazy\" title=\"Aula de fotografia noturna - fotografia publicit\u00e1ria da UPIS\" width=\"950\" height=\"534\" src=\"https:\/\/www.youtube.com\/embed\/Ywtfp6nN8Ho?feature=oembed\" frameborder=\"0\" allow=\"accelerometer; autoplay; clipboard-write; encrypted-media; gyroscope; picture-in-picture; web-share\" referrerpolicy=\"strict-origin-when-cross-origin\" allowfullscreen><\/iframe>\n<\/div><figcaption class=\"wp-element-caption\">Aula de fotografia noturna &#8211; fotografia publicit\u00e1ria da UPIS &#8211; Esse dia sa\u00edmos para a Esplanada dos Minist\u00e9rios como o objetivo&#8230;<\/figcaption><\/figure>\n\n\n\n<figure class=\"wp-block-embed is-type-video is-provider-youtube wp-block-embed-youtube wp-embed-aspect-16-9 wp-has-aspect-ratio\"><div class=\"wp-block-embed__wrapper\">\n<iframe loading=\"lazy\" title=\"alunos da upis como reporteres fotograficos\" width=\"950\" height=\"534\" src=\"https:\/\/www.youtube.com\/embed\/GK0Ebo0e-kY?feature=oembed\" frameborder=\"0\" allow=\"accelerometer; autoplay; clipboard-write; encrypted-media; gyroscope; picture-in-picture; web-share\" referrerpolicy=\"strict-origin-when-cross-origin\" allowfullscreen><\/iframe>\n<\/div><figcaption class=\"wp-element-caption\">Nesse v\u00eddeo alunos da turma de Fotografia da UPIS, participam de uma primeira&#8230;<\/figcaption><\/figure>\n<\/div>\n\n\n\n<p class=\"wp-block-paragraph\"><\/p>\n","protected":false},"excerpt":{"rendered":"<p>Galerinha numa aula de fotografia publicit\u00e1ria.<\/p>\n","protected":false},"author":1,"featured_media":962,"comment_status":"closed","ping_status":"closed","sticky":false,"template":"","format":"standard","meta":{"ngg_post_thumbnail":0,"_joinchat":[],"footnotes":""},"categories":[3,8],"tags":[11,13],"class_list":["post-681","post","type-post","status-publish","format-standard","has-post-thumbnail","hentry","category-architecture","category-urban","tag-bike","tag-city"],"featured_media_urls":{"thumbnail":["https:\/\/terrana.com.br\/wp-content\/uploads\/2011\/11\/photodune-1107867-city-bike-m-150x150.jpg",150,150,true],"medium":["https:\/\/terrana.com.br\/wp-content\/uploads\/2011\/11\/photodune-1107867-city-bike-m-300x200.jpg",300,200,true],"medium_large":["https:\/\/terrana.com.br\/wp-content\/uploads\/2011\/11\/photodune-1107867-city-bike-m.jpg",768,512,false],"large":["https:\/\/terrana.com.br\/wp-content\/uploads\/2011\/11\/photodune-1107867-city-bike-m-1024x683.jpg",950,634,true],"1536x1536":["https:\/\/terrana.com.br\/wp-content\/uploads\/2011\/11\/photodune-1107867-city-bike-m-1536x1024.jpg",1536,1024,true],"2048x2048":["https:\/\/terrana.com.br\/wp-content\/uploads\/2011\/11\/photodune-1107867-city-bike-m.jpg",1732,1155,false],"inspiro-featured-image":["https:\/\/terrana.com.br\/wp-content\/uploads\/2011\/11\/photodune-1107867-city-bike-m.jpg",1732,1155,false],"inspiro-loop":["https:\/\/terrana.com.br\/wp-content\/uploads\/2011\/11\/photodune-1107867-city-bike-m-950x320.jpg",950,320,true],"inspiro-loop@2x":["https:\/\/terrana.com.br\/wp-content\/uploads\/2011\/11\/photodune-1107867-city-bike-m-1732x640.jpg",1732,640,true],"portfolio_item-thumbnail":["https:\/\/terrana.com.br\/wp-content\/uploads\/2011\/11\/photodune-1107867-city-bike-m-600x400.jpg",600,400,true],"portfolio_item-thumbnail@2x":["https:\/\/terrana.com.br\/wp-content\/uploads\/2011\/11\/photodune-1107867-city-bike-m-1200x800.jpg",1200,800,true],"portfolio_item-masonry":["https:\/\/terrana.com.br\/wp-content\/uploads\/2011\/11\/photodune-1107867-city-bike-m-600x400.jpg",600,400,true],"portfolio_item-masonry@2x":["https:\/\/terrana.com.br\/wp-content\/uploads\/2011\/11\/photodune-1107867-city-bike-m-1200x800.jpg",1200,800,true],"portfolio_item-thumbnail_cinema":["https:\/\/terrana.com.br\/wp-content\/uploads\/2011\/11\/photodune-1107867-city-bike-m-800x335.jpg",800,335,true],"portfolio_item-thumbnail_portrait":["https:\/\/terrana.com.br\/wp-content\/uploads\/2011\/11\/photodune-1107867-city-bike-m-600x900.jpg",600,900,true],"portfolio_item-thumbnail_portrait@2x":["https:\/\/terrana.com.br\/wp-content\/uploads\/2011\/11\/photodune-1107867-city-bike-m-1200x1155.jpg",1200,1155,true],"portfolio_item-thumbnail_square":["https:\/\/terrana.com.br\/wp-content\/uploads\/2011\/11\/photodune-1107867-city-bike-m-800x800.jpg",800,800,true]},"_links":{"self":[{"href":"https:\/\/terrana.com.br\/index.php?rest_route=\/wp\/v2\/posts\/681","targetHints":{"allow":["GET"]}}],"collection":[{"href":"https:\/\/terrana.com.br\/index.php?rest_route=\/wp\/v2\/posts"}],"about":[{"href":"https:\/\/terrana.com.br\/index.php?rest_route=\/wp\/v2\/types\/post"}],"author":[{"embeddable":true,"href":"https:\/\/terrana.com.br\/index.php?rest_route=\/wp\/v2\/users\/1"}],"replies":[{"embeddable":true,"href":"https:\/\/terrana.com.br\/index.php?rest_route=%2Fwp%2Fv2%2Fcomments&post=681"}],"version-history":[{"count":5,"href":"https:\/\/terrana.com.br\/index.php?rest_route=\/wp\/v2\/posts\/681\/revisions"}],"predecessor-version":[{"id":7745,"href":"https:\/\/terrana.com.br\/index.php?rest_route=\/wp\/v2\/posts\/681\/revisions\/7745"}],"wp:featuredmedia":[{"embeddable":true,"href":"https:\/\/terrana.com.br\/index.php?rest_route=\/wp\/v2\/media\/962"}],"wp:attachment":[{"href":"https:\/\/terrana.com.br\/index.php?rest_route=%2Fwp%2Fv2%2Fmedia&parent=681"}],"wp:term":[{"taxonomy":"category","embeddable":true,"href":"https:\/\/terrana.com.br\/index.php?rest_route=%2Fwp%2Fv2%2Fcategories&post=681"},{"taxonomy":"post_tag","embeddable":true,"href":"https:\/\/terrana.com.br\/index.php?rest_route=%2Fwp%2Fv2%2Ftags&post=681"}],"curies":[{"name":"wp","href":"https:\/\/api.w.org\/{rel}","templated":true}]}}